{"id":1008,"date":"2015-06-15T10:10:24","date_gmt":"2015-06-15T15:10:24","guid":{"rendered":"https:\/\/21stcenturyartivism.sites.carleton.edu\/?p=1008"},"modified":"2023-03-15T18:07:18","modified_gmt":"2023-03-15T18:07:18","slug":"p2p","status":"publish","type":"post","link":"https:\/\/21stcenturyartivism.sites.carleton.edu\/en\/colectivos\/p2p\/","title":{"rendered":"P2P"},"content":{"rendered":"<p><strong>P2P Plazas es<\/strong> un proyecto de investigaci\u00f3n y desarrollo apoyado por el European Cultural Foundation (<a href=\"http:\/\/www.culturalfoundation.eu\/\" target=\"_blank\" rel=\"nofollow noopener noreferrer\">http:\/\/www.culturalfoundation.eu\/<\/a>).<\/p>\n<p>La Europa en que vivimos atraviesa hoy una realidad vol\u00e1til. El deterioro econ\u00f3mico y la disoluci\u00f3n industrial sufridos durante las \u00faltimas d\u00e9cadas han devastado el panorama social y econ\u00f3mico de nuestras ciudades y zonas rurales. En consecuencia, un sinf\u00edn de infraestructuras industriales y f\u00e1bricas permanecen vac\u00edas e inactivas. El sector p\u00fablico por su parte tambi\u00e9n ha abandonado edificios y solares. La amenaza constante al Estado del Bienestar ha producido reducciones palpables en servicios como educaci\u00f3n, sanidad y cultura. Y, parad\u00f3jicamente, esta atm\u00f3sfera resulta empoderadora para que la ciudadan\u00eda reclame su propio espacio y patrimonio, formulando roles innovadores en la producci\u00f3n y consumo de la cultura y el espacio p\u00fablico.<\/p>\n<hr \/>\n<p><strong>P2P Plazas is<\/strong> a research and development project supported by the European Cultural Foundation (<a href=\"http:\/\/www.culturalfoundation.eu\/\" target=\"_blank\" rel=\"nofollow noopener noreferrer\">http:\/\/www.culturalfoundatio<span class=\"text_exposed_show\">n.eu\/<\/span><\/a><span class=\"text_exposed_show\">).<\/span><\/p>\n<p><span class=\"text_exposed_show\"> The Europe of today is living\u00a0a volatile reality. Severe economic blight and the industrial dissolution suffered over several decades have devastated the social and economic outlook of our cities and rural areas. Consequently, many industrial buildings and factories are left empty and unused; the public sector also has abandoned buildings and lots. Basic services like education, health and culture are cut as the Welfare State is contested. Paradoxically, this atmosphere has empowered citizens to reclaim their own environments and heritage, taking\u00a0innovative roles in their production and consumption of culture and public space.<\/span><\/p>\n<p style=\"text-align: right;\">Source:\u00a0<a href=\"https:\/\/www.facebook.com\/p2p.plazas\/info?tab=page_info\" target=\"_blank\" rel=\"noopener noreferrer\">https:\/\/www.facebook.com\/p2p.plazas\/info?tab=page_info<\/a><\/p>\n<h2>Other Resources<\/h2>\n<ul>\n<li><a href=\"http:\/\/p2p-plazas.tumblr.com\" target=\"_blank\" rel=\"noopener noreferrer\"><strong>Official Website<\/strong><\/a><\/li>\n<li><strong><a href=\"https:\/\/www.facebook.com\/p2p.plazas\" target=\"_blank\" rel=\"noopener noreferrer\">Facebook<\/a><\/strong><\/li>\n<li><strong><a href=\"https:\/\/twitter.com\/p2p_plazas\" target=\"_blank\" rel=\"noopener noreferrer\">Twitter<\/a><\/strong><\/li>\n<\/ul>\n<p style=\"text-align: right;\"><a href=\"https:\/\/21stcenturyartivism.sites.carleton.edu\/en\/\">\u2b05\ufe0e Back to Home<\/a><\/p>","protected":false},"excerpt":{"rendered":"<p>P2P Plazas es un proyecto de investigaci\u00f3n y desarrollo apoyado por el European Cultural Foundation (http:\/\/www.culturalfoundation.eu\/). La Europa en que vivimos atraviesa hoy una realidad vol\u00e1til. El deterioro econ\u00f3mico y la disoluci\u00f3n industrial sufridos durante las \u00faltimas d\u00e9cadas han devastado el panorama social y econ\u00f3mico de nuestras ciudades y zonas rurales. En consecuencia, un sinf\u00edn [&hellip;]<\/p>","protected":false},"author":1,"featured_media":1307,"comment_status":"closed","ping_status":"closed","sticky":false,"template":"","format":"standard","meta":{"site-container-style":"default","site-container-layout":"default","site-sidebar-layout":"default","disable-article-header":"default","disable-site-header":"default","disable-site-footer":"default","disable-content-area-spacing":"default"},"categories":[4],"tags":[25],"acf":[],"_links":{"self":[{"href":"https:\/\/21stcenturyartivism.sites.carleton.edu\/en\/wp-json\/wp\/v2\/posts\/1008"}],"collection":[{"href":"https:\/\/21stcenturyartivism.sites.carleton.edu\/en\/wp-json\/wp\/v2\/posts"}],"about":[{"href":"https:\/\/21stcenturyartivism.sites.carleton.edu\/en\/wp-json\/wp\/v2\/types\/post"}],"author":[{"embeddable":true,"href":"https:\/\/21stcenturyartivism.sites.carleton.edu\/en\/wp-json\/wp\/v2\/users\/1"}],"replies":[{"embeddable":true,"href":"https:\/\/21stcenturyartivism.sites.carleton.edu\/en\/wp-json\/wp\/v2\/comments?post=1008"}],"version-history":[{"count":1,"href":"https:\/\/21stcenturyartivism.sites.carleton.edu\/en\/wp-json\/wp\/v2\/posts\/1008\/revisions"}],"predecessor-version":[{"id":9301,"href":"https:\/\/21stcenturyartivism.sites.carleton.edu\/en\/wp-json\/wp\/v2\/posts\/1008\/revisions\/9301"}],"wp:featuredmedia":[{"embeddable":true,"href":"https:\/\/21stcenturyartivism.sites.carleton.edu\/en\/wp-json\/wp\/v2\/media\/1307"}],"wp:attachment":[{"href":"https:\/\/21stcenturyartivism.sites.carleton.edu\/en\/wp-json\/wp\/v2\/media?parent=1008"}],"wp:term":[{"taxonomy":"category","embeddable":true,"href":"https:\/\/21stcenturyartivism.sites.carleton.edu\/en\/wp-json\/wp\/v2\/categories?post=1008"},{"taxonomy":"post_tag","embeddable":true,"href":"https:\/\/21stcenturyartivism.sites.carleton.edu\/en\/wp-json\/wp\/v2\/tags?post=1008"}],"curies":[{"name":"wp","href":"https:\/\/api.w.org\/{rel}","templated":true}]}}