{"id":1027,"date":"2015-06-15T10:14:36","date_gmt":"2015-06-15T15:14:36","guid":{"rendered":"https:\/\/21stcenturyartivism.sites.carleton.edu\/?p=1027"},"modified":"2023-03-15T18:07:18","modified_gmt":"2023-03-15T18:07:18","slug":"15m","status":"publish","type":"post","link":"https:\/\/21stcenturyartivism.sites.carleton.edu\/en\/colectivos\/15m\/","title":{"rendered":"15M"},"content":{"rendered":"<p>El <b>Movimiento 15M<\/b> es un movimiento social que surgi\u00f3 el domingo 15 de mayo de 2011, con una serie de manifestaciones por toda Espa\u00f1a, siendo la m\u00e1s importante en n\u00famero y repercusi\u00f3n la de la Plaza de Sol en Madrid.<\/p>\n<p>El descontento social viene ya de la crisis econ\u00f3mica de 2008, y de los recortes sociales y ayudas p\u00fablicas a los bancos que acarrea. Esto provoca una gran indignaci\u00f3n y un descr\u00e9dito de las instituciones p\u00fablicas y de los pol\u00edticos. \u00ab<i>No nos representan<\/i>\u00bb es <a href=\"http:\/\/mov15m.blogspot.com.es\/2013\/07\/las-frases-y-lemas-del-movimiento-15m.html\">uno de los lemas<\/a> que suenan esos d\u00edas.<\/p>\n<p>Las manifestaciones ocurrieron justo unos d\u00edas antes de las Elecciones Generales Auton\u00f3micas y Municipales del 22 de mayo de 2011, con un Gobierno del PSOE liderado por el Presidente <b>Jos\u00e9 Luis Rodr\u00edguez Zapatero<\/b>, y siendo Ministro del Interior (entre otro cargos) <b>Alfredo P\u00e9rez Rubalcaba<\/b>.<\/p>\n<p>Algunos de los m\u00e1s de 20.000 manifestantes llegaron a acampar esa noche en la plaza de Sol, con la intenci\u00f3n de estar all\u00ed hasta la jornada electoral. El martes 17 de mayo unos 50 polic\u00edas entraron en Sol de madrugada, procediendo al desalojo de los acampados y a unos 200 manifestantes.<\/p>\n<p>Sin embargo, los \u00ab<b>indignados<\/b>\u00bb (el nombre surgi\u00f3 probablemente de un librito de\u00a0<b>St\u00e9phane Hessel<\/b>\u00a0publicado en Espa\u00f1a un par de meses, titulado \u00ab<i>\u00a1Indignaos!<\/i>\u00ab) vuelven a <i>tomar la plaza<\/i> por la tarde. El 20 de mayo, la Asamblea decide por consenso las <a href=\"http:\/\/mov15m.blogspot.com.es\/2013\/07\/que-propone-el-movimiento-15m-el.html\">propuestas y objetivos del Movimiento 15M<\/a>.<\/p>\n<p>Mientras tanto, la prensa internacional se hace eco de lo que est\u00e1 pasando en Espa\u00f1a y el <a href=\"http:\/\/mov15m.blogspot.com.es\/2013\/07\/portadas-del-movimiento-15m-en-la.html\">15M empieza a aparecer en las portadas de la prensa internacional<\/a>.<\/p>\n<p>El 12 de junio, la asamblea que se constituyo en Sol decide desalojar la plaza voluntariamente, despu\u00e9s de haber estado ocup\u00e1ndola durante 28 d\u00edas. \u00ab<i>No nos vamos, nos expandimos<\/i>\u00bb fue el lema de aquella jornada.<\/p>\n<p>A partir de ese momento, el Movimiento 15M se mantiene activo a trav\u00e9s de asambleas que se convocan en las plazas de cada barrio, de cada ciudad espa\u00f1ola.<\/p>\n<p>Las distintas concentraciones y acampadas que se produjeron en varias ciudades de Espa\u00f1a fueron posibles gracias <b>al apoyo de las tecnolog\u00edas de la comunicaci\u00f3n y las redes sociales<\/b>. Pronto los indignados no<a href=\"http:\/\/www.afiliaciondirecta.com\/\"> afiliados<\/a> a ning\u00fan partido pol\u00edtico, se organizaron a trav\u00e9s de internet y fue posible incluso seguir las manifestaciones a trav\u00e9s de video streaming.<\/p>\n<p><b>El Movimiento 15M tuvo una gran repercusi\u00f3n a nivel nacional e incluso internacional<\/b>. La #SpanishRevolution y las m\u00e1scaras del c\u00f3mic \u00abV de Vendetta\u00bb aparecieron en los diarios y canales de televisi\u00f3n m\u00e1s prestigiosos en todo el mundo.<\/p>\n<p style=\"text-align: right;\">Fuente: <a href=\"http:\/\/www.movimiento15m.org\">http:\/\/www.movimiento15m.org<\/a><\/p>\n<h2>Sitios web<\/h2>\n<p><a href=\"http:\/\/www.movimiento15m.org\" target=\"_blank\" rel=\"noopener noreferrer\">http:\/\/www.movimiento15m.org<\/a><\/p>\n<p><a href=\"http:\/\/tomalaplaza.net\" target=\"_blank\" rel=\"noopener noreferrer\">http:\/\/tomalaplaza.net<\/a><\/p>\n<p><a href=\"http:\/\/www.democraciarealya.es\" target=\"_blank\" rel=\"noopener noreferrer\">http:\/\/www.democraciarealya.es<\/a><\/p>\n<h2>Bibliograf\u00eda<\/h2>\n<ul>\n<li><a href=\"http:\/\/revistas.usal.es\/index.php\/2172-9077\/article\/viewFile\/12130\/12488\" target=\"_blank\" rel=\"noopener noreferrer\">Un despertar revulsivo:\u00a0pr\u00e1cticas colaborativas en el documental sobre el 15M<\/a> por\u00a0Alejandro\u00a0Alvarado J\u00f3dar y Concha Barquero Art\u00e9s (24\/05\/2013)<\/li>\n<\/ul>\n<h2>Entrevistas<\/h2>\n<p><iframe loading=\"lazy\" title=\"Claves para entender el movimiento 15-M. Keys to understand 15-M (English Subs)\" width=\"500\" height=\"281\" src=\"https:\/\/www.youtube.com\/embed\/8Ds7b3pboW4?feature=oembed\" frameborder=\"0\" allow=\"accelerometer; autoplay; clipboard-write; encrypted-media; gyroscope; picture-in-picture; web-share\" referrerpolicy=\"strict-origin-when-cross-origin\" allowfullscreen><\/iframe><\/p>\n<p><iframe loading=\"lazy\" title=\"DOCUMENTAL ACAMPADA SOL 15M #acampadasol\" width=\"500\" height=\"375\" src=\"https:\/\/www.youtube.com\/embed\/jyGE4HCTI6c?feature=oembed\" frameborder=\"0\" allow=\"accelerometer; autoplay; clipboard-write; encrypted-media; gyroscope; picture-in-picture; web-share\" referrerpolicy=\"strict-origin-when-cross-origin\" allowfullscreen><\/iframe><\/p>\n<p><iframe loading=\"lazy\" title=\"An\u00e1lisis del #15M con Jos\u00e9 Luis Sampedro - Spanish Revolution (English Subs)\" width=\"500\" height=\"281\" src=\"https:\/\/www.youtube.com\/embed\/LOmh3jcV28g?feature=oembed\" frameborder=\"0\" allow=\"accelerometer; autoplay; clipboard-write; encrypted-media; gyroscope; picture-in-picture; web-share\" referrerpolicy=\"strict-origin-when-cross-origin\" allowfullscreen><\/iframe><\/p>\n<ul>\n<li><a href=\"http:\/\/www.interfacejournal.net\/wordpress\/wp-content\/uploads\/2012\/05\/Interface-4-1-Romanos.pdf\" target=\"_blank\" rel=\"noopener noreferrer\">\u201cEsta revoluci\u00f3n es muy copyleft\u201d. Entrevista a St\u00e9phane M. Grueso a prop\u00f3sito del 15M<\/a> por\u00a0Eduardo Romanos\u00a0(mayo 2012)<\/li>\n<\/ul>\n<h2>Otros recursos<\/h2>\n<ul>\n<li><strong><a href=\"https:\/\/twitter.com\/15m\" target=\"_blank\" rel=\"noopener noreferrer\">Twitter<\/a><\/strong><\/li>\n<\/ul>\n<p style=\"text-align: right;\"><a href=\"https:\/\/21stcenturyartivism.sites.carleton.edu\/en\/\">\u2b05\ufe0e Back to Home<\/a><\/p>","protected":false},"excerpt":{"rendered":"<p>El Movimiento 15M es un movimiento social que surgi\u00f3 el domingo 15 de mayo de 2011, con una serie de manifestaciones por toda Espa\u00f1a, siendo la m\u00e1s importante en n\u00famero y repercusi\u00f3n la de la Plaza de Sol en Madrid. El descontento social viene ya de la crisis econ\u00f3mica de 2008, y de los recortes [&hellip;]<\/p>","protected":false},"author":1,"featured_media":1356,"comment_status":"closed","ping_status":"closed","sticky":false,"template":"","format":"standard","meta":{"site-container-style":"default","site-container-layout":"default","site-sidebar-layout":"default","disable-article-header":"default","disable-site-header":"default","disable-site-footer":"default","disable-content-area-spacing":"default"},"categories":[4],"tags":[25],"acf":[],"_links":{"self":[{"href":"https:\/\/21stcenturyartivism.sites.carleton.edu\/en\/wp-json\/wp\/v2\/posts\/1027"}],"collection":[{"href":"https:\/\/21stcenturyartivism.sites.carleton.edu\/en\/wp-json\/wp\/v2\/posts"}],"about":[{"href":"https:\/\/21stcenturyartivism.sites.carleton.edu\/en\/wp-json\/wp\/v2\/types\/post"}],"author":[{"embeddable":true,"href":"https:\/\/21stcenturyartivism.sites.carleton.edu\/en\/wp-json\/wp\/v2\/users\/1"}],"replies":[{"embeddable":true,"href":"https:\/\/21stcenturyartivism.sites.carleton.edu\/en\/wp-json\/wp\/v2\/comments?post=1027"}],"version-history":[{"count":5,"href":"https:\/\/21stcenturyartivism.sites.carleton.edu\/en\/wp-json\/wp\/v2\/posts\/1027\/revisions"}],"predecessor-version":[{"id":8871,"href":"https:\/\/21stcenturyartivism.sites.carleton.edu\/en\/wp-json\/wp\/v2\/posts\/1027\/revisions\/8871"}],"wp:featuredmedia":[{"embeddable":true,"href":"https:\/\/21stcenturyartivism.sites.carleton.edu\/en\/wp-json\/wp\/v2\/media\/1356"}],"wp:attachment":[{"href":"https:\/\/21stcenturyartivism.sites.carleton.edu\/en\/wp-json\/wp\/v2\/media?parent=1027"}],"wp:term":[{"taxonomy":"category","embeddable":true,"href":"https:\/\/21stcenturyartivism.sites.carleton.edu\/en\/wp-json\/wp\/v2\/categories?post=1027"},{"taxonomy":"post_tag","embeddable":true,"href":"https:\/\/21stcenturyartivism.sites.carleton.edu\/en\/wp-json\/wp\/v2\/tags?post=1027"}],"curies":[{"name":"wp","href":"https:\/\/api.w.org\/{rel}","templated":true}]}}