{"id":3578,"date":"2015-09-14T09:28:37","date_gmt":"2015-09-14T14:28:37","guid":{"rendered":"https:\/\/21stcenturyartivism.sites.carleton.edu\/?p=3578"},"modified":"2023-03-15T18:07:17","modified_gmt":"2023-03-15T18:07:17","slug":"david-airob","status":"publish","type":"post","link":"https:\/\/21stcenturyartivism.sites.carleton.edu\/en\/audiovisual-creation\/david-airob\/","title":{"rendered":"David Airob"},"content":{"rendered":"<p><strong>David Airob<\/strong>\u00a0(Barcelona, 1967)\u00a0es parte de la plantilla de\u00a0fot\u00f3grafos del\u00a0peri\u00f3dico \u00abLa Vanguardia,\u00bb donde fue su Editor Jefe de Fotograf\u00eda\u00a0desde 2007 hasta 2010. Desde que empez\u00f3 en 1990, ha cubierto\u00a0todo tipo de noticias,\u00a0desde las campa\u00f1as editoriales a\u00a0los Juegos\u00a0Ol\u00edmpicos y la Copa\u00a0Mundial de F\u00fatbol. Adem\u00e1s de trabajar en \u00abLa Vanguardia,\u00bb\u00a0ha llevado a cabo various\u00a0proyectos m\u00e1s personales, por los cuales lo\u00a0galardonaron varios\u00a0premios internaciones:\u00a0World Press Photo, Sony World Photography Award,\u00a0<span class=\"caps\">POY\u00a0<\/span>Latam. Sus fotos han sido publicadas en revistas internacionales como\u00a0Time, Paris-Match, Der Spiegel, entre otros. Cofundador del \u00abCentre de Fotograf\u00eda Documental de Barcelona,\u00bb ha dirigido clases magistrales, taller y conferencias en universidades y centros de educaci\u00f3n en Espa\u00f1a. Parte del panel de jurados en concurso de fotograf\u00eda, sus trabajos como\u00a0fotoperiodista han sido mostrados en varios exhibiciones individuales y libros. Es editor de \u00ab<a href=\"http:\/\/www.thewside.com\" target=\"_blank\" rel=\"noopener noreferrer\">TheWside<\/a>,\u00bb un blog de\u00a0fotoperiodismo y edici\u00f3n de\u00a0fotograf\u00edas.<\/p>\n<hr \/>\n<p><strong>David Airob<\/strong>\u00a0(Barcelona, 1967) works as a staff photographer at \u201cLa Vanguardia\u201d newspaper, and was Chief Photo Editor\u00a0from 2007 to 2010.\u00a0Since joining the newspaper\u00a0in 1990, he has covered a wide range of topics, from election campaigns to The Olympic Games and The Football World Cup. In addition to\u00a0his work at \u201cLa Vanguardia,\u201d he has carried out other personal projects which won the\u00a0International prizes of World Press Photo, Sony World Photography Award and\u00a0<span class=\"caps\">POY\u00a0<\/span>Latam.\u00a0His images have been published in international magazines such as Time, Paris-Match and Der Spiegel, among others.\u00a0Co-founder of the \u201cCentre de Fotografia Documental de Barcelona,\u201d he has led master classes, workshops and conferences in several Spanish universities and education centres. As a jury member in photography contests, his work as a photojournalist has been included\u00a0in several individual exhibitions and in books. He is editor\u00a0of \u201c<a href=\"http:\/\/www.thewside.com\" target=\"_blank\" rel=\"noopener noreferrer\">TheWside<\/a>,\u201d a blog dedicated to\u00a0photojournalism and photo editing.<\/p>\n<p style=\"text-align: right;\">Source:\u00a0<a href=\"http:\/\/www.davidairob.com\/about\" target=\"_blank\" rel=\"noopener noreferrer\">http:\/\/www.davidairob.com\/about<\/a><\/p>\n<h2>Other Resources<\/h2>\n<ul>\n<li><strong><a href=\"http:\/\/www.davidairob.com\/multimedia\" target=\"_blank\" rel=\"noopener noreferrer\">Official Website<\/a><\/strong><\/li>\n<li><a href=\"http:\/\/www.imdb.com\/name\/nm6202595\/\" target=\"_blank\" rel=\"noopener noreferrer\"><strong>IMDB<\/strong><\/a><\/li>\n<li><a title=\"David Airob \u2013 original works\" href=\"https:\/\/21stcenturyartivism.sites.carleton.edu\/en\/david-airob-original-works\/\"><strong>Original Works<\/strong><\/a><\/li>\n<li><a title=\"David Airob \u2013 interviews\" href=\"https:\/\/21stcenturyartivism.sites.carleton.edu\/en\/david-airob-interviews\/\"><strong>Interviews<\/strong><\/a><\/li>\n<li><a href=\"https:\/\/vimeo.com\/81137365\" target=\"_blank\" rel=\"noopener noreferrer\"><strong>Vimeo<\/strong><\/a><\/li>\n<li><strong><a href=\"https:\/\/www.facebook.com\/david.airob\" target=\"_blank\" rel=\"noopener noreferrer\">Facebook<\/a><\/strong><\/li>\n<li><a href=\"https:\/\/twitter.com\/theWside\" target=\"_blank\" rel=\"noopener noreferrer\"><strong>Twitter<\/strong><\/a><\/li>\n<li><strong><a href=\"https:\/\/instagram.com\/davidairob\/\" target=\"_blank\" rel=\"noopener noreferrer\">Instagram<\/a><\/strong><\/li>\n<li><a title=\"David Airob \u2013 bibliography\" href=\"https:\/\/21stcenturyartivism.sites.carleton.edu\/en\/david-airob-bibliography\/\"><strong>Bibliography<\/strong><\/a><\/li>\n<\/ul>\n<p style=\"text-align: right;\"><a href=\"https:\/\/21stcenturyartivism.sites.carleton.edu\/en\/\">\u2b05\ufe0e Back to Home<\/a><\/p>","protected":false},"excerpt":{"rendered":"<p>David Airob\u00a0(Barcelona, 1967)\u00a0es parte de la plantilla de\u00a0fot\u00f3grafos del\u00a0peri\u00f3dico \u00abLa Vanguardia,\u00bb donde fue su Editor Jefe de Fotograf\u00eda\u00a0desde 2007 hasta 2010. Desde que empez\u00f3 en 1990, ha cubierto\u00a0todo tipo de noticias,\u00a0desde las campa\u00f1as editoriales a\u00a0los Juegos\u00a0Ol\u00edmpicos y la Copa\u00a0Mundial de F\u00fatbol. Adem\u00e1s de trabajar en \u00abLa Vanguardia,\u00bb\u00a0ha llevado a cabo various\u00a0proyectos m\u00e1s personales, por los [&hellip;]<\/p>","protected":false},"author":1,"featured_media":5146,"comment_status":"closed","ping_status":"closed","sticky":false,"template":"","format":"standard","meta":{"site-container-style":"default","site-container-layout":"default","site-sidebar-layout":"default","disable-article-header":"default","disable-site-header":"default","disable-site-footer":"default","disable-content-area-spacing":"default"},"categories":[2,12],"tags":[17,45],"acf":[],"_links":{"self":[{"href":"https:\/\/21stcenturyartivism.sites.carleton.edu\/en\/wp-json\/wp\/v2\/posts\/3578"}],"collection":[{"href":"https:\/\/21stcenturyartivism.sites.carleton.edu\/en\/wp-json\/wp\/v2\/posts"}],"about":[{"href":"https:\/\/21stcenturyartivism.sites.carleton.edu\/en\/wp-json\/wp\/v2\/types\/post"}],"author":[{"embeddable":true,"href":"https:\/\/21stcenturyartivism.sites.carleton.edu\/en\/wp-json\/wp\/v2\/users\/1"}],"replies":[{"embeddable":true,"href":"https:\/\/21stcenturyartivism.sites.carleton.edu\/en\/wp-json\/wp\/v2\/comments?post=3578"}],"version-history":[{"count":2,"href":"https:\/\/21stcenturyartivism.sites.carleton.edu\/en\/wp-json\/wp\/v2\/posts\/3578\/revisions"}],"predecessor-version":[{"id":8759,"href":"https:\/\/21stcenturyartivism.sites.carleton.edu\/en\/wp-json\/wp\/v2\/posts\/3578\/revisions\/8759"}],"wp:featuredmedia":[{"embeddable":true,"href":"https:\/\/21stcenturyartivism.sites.carleton.edu\/en\/wp-json\/wp\/v2\/media\/5146"}],"wp:attachment":[{"href":"https:\/\/21stcenturyartivism.sites.carleton.edu\/en\/wp-json\/wp\/v2\/media?parent=3578"}],"wp:term":[{"taxonomy":"category","embeddable":true,"href":"https:\/\/21stcenturyartivism.sites.carleton.edu\/en\/wp-json\/wp\/v2\/categories?post=3578"},{"taxonomy":"post_tag","embeddable":true,"href":"https:\/\/21stcenturyartivism.sites.carleton.edu\/en\/wp-json\/wp\/v2\/tags?post=3578"}],"curies":[{"name":"wp","href":"https:\/\/api.w.org\/{rel}","templated":true}]}}